{"id":2234,"date":"2022-09-25T11:41:23","date_gmt":"2022-09-25T09:41:23","guid":{"rendered":"http:\/\/drago-wp.v-labs.fr\/?p=2234"},"modified":"2022-09-25T11:41:23","modified_gmt":"2022-09-25T09:41:23","slug":"drago-aux-2e-assises-europeennes-en-allergologie","status":"publish","type":"post","link":"http:\/\/drago-wp.v-labs.fr\/index.php\/drago-aux-2e-assises-europeennes-en-allergologie\/","title":{"rendered":"DRAGO aux 2e Assises Europ\u00e9ennes en Allergologie"},"content":{"rendered":"<p>Le premier jour \u00e9tait consacr\u00e9 aux \u00ab\u00a0omiques\u00a0\u00bb (g\u00e9nomique, prot\u00e9omique&#8230;) avec de grands orateurs venant d&rsquo;Italie, du Royaume-Uni, d&rsquo;Allemagne, d&rsquo;Espagne et de Roumanie.<\/p>\n<p>Les pr\u00e9sentations du lendemain \u00e9taient plus pratiques et le Dr Cottet a pu pr\u00e9senter en pl\u00e9ni\u00e8re en avant premi\u00e8re les premiers r\u00e9sultats d&rsquo;efficacit\u00e9 de DRAGO au terme de 18 mois. Ces r\u00e9sultats seront tr\u00e8s prochainement publi\u00e9s dans la Revue Fran\u00e7aise d&rsquo;Allergologie.<\/p>\n<p>Toute l&rsquo;\u00e9quipe DRAGO \u00e9tait pr\u00e9sente a a de grands projets pour 2023, bient\u00f4t de grandes nouvelles pour les patients allergiques!<\/p>\n<p>Un grand merci \u00e0 notre sponsor le laboratoire Stallergenes pour leur soutien technique, financier et moral, les progr\u00e8s se font tous ensemble associ\u00e9s, industrie, professionnels de sant\u00e9 et patients!<\/p>\n<p><img loading=\"lazy\" class=\"size-medium wp-image-2237 aligncenter\" src=\"http:\/\/drago-wp.v-labs.fr\/wp-content\/uploads\/2022\/09\/307714271_604075921298460_560362497886320246_n-225x300.jpg\" alt=\"\" width=\"225\" height=\"300\" srcset=\"http:\/\/drago-wp.v-labs.fr\/wp-content\/uploads\/2022\/09\/307714271_604075921298460_560362497886320246_n-225x300.jpg 225w, http:\/\/drago-wp.v-labs.fr\/wp-content\/uploads\/2022\/09\/307714271_604075921298460_560362497886320246_n-768x1024.jpg 768w, http:\/\/drago-wp.v-labs.fr\/wp-content\/uploads\/2022\/09\/307714271_604075921298460_560362497886320246_n-1152x1536.jpg 1152w, http:\/\/drago-wp.v-labs.fr\/wp-content\/uploads\/2022\/09\/307714271_604075921298460_560362497886320246_n.jpg 1536w\" sizes=\"(max-width: 225px) 100vw, 225px\" \/><\/p>\n","protected":false},"excerpt":{"rendered":"<p>Les 23 et 24 septembre ont eu lieu les 2e Assises Europ\u00e9ennes en Allergologie.<\/p>\n","protected":false},"author":2,"featured_media":2236,"comment_status":"open","ping_status":"closed","sticky":false,"template":"","format":"standard","meta":[],"categories":[1],"tags":[],"acf":[],"_links":{"self":[{"href":"http:\/\/drago-wp.v-labs.fr\/index.php\/wp-json\/wp\/v2\/posts\/2234"}],"collection":[{"href":"http:\/\/drago-wp.v-labs.fr\/index.php\/wp-json\/wp\/v2\/posts"}],"about":[{"href":"http:\/\/drago-wp.v-labs.fr\/index.php\/wp-json\/wp\/v2\/types\/post"}],"author":[{"embeddable":true,"href":"http:\/\/drago-wp.v-labs.fr\/index.php\/wp-json\/wp\/v2\/users\/2"}],"replies":[{"embeddable":true,"href":"http:\/\/drago-wp.v-labs.fr\/index.php\/wp-json\/wp\/v2\/comments?post=2234"}],"version-history":[{"count":2,"href":"http:\/\/drago-wp.v-labs.fr\/index.php\/wp-json\/wp\/v2\/posts\/2234\/revisions"}],"predecessor-version":[{"id":2238,"href":"http:\/\/drago-wp.v-labs.fr\/index.php\/wp-json\/wp\/v2\/posts\/2234\/revisions\/2238"}],"wp:featuredmedia":[{"embeddable":true,"href":"http:\/\/drago-wp.v-labs.fr\/index.php\/wp-json\/wp\/v2\/media\/2236"}],"wp:attachment":[{"href":"http:\/\/drago-wp.v-labs.fr\/index.php\/wp-json\/wp\/v2\/media?parent=2234"}],"wp:term":[{"taxonomy":"category","embeddable":true,"href":"http:\/\/drago-wp.v-labs.fr\/index.php\/wp-json\/wp\/v2\/categories?post=2234"},{"taxonomy":"post_tag","embeddable":true,"href":"http:\/\/drago-wp.v-labs.fr\/index.php\/wp-json\/wp\/v2\/tags?post=2234"}],"curies":[{"name":"wp","href":"https:\/\/api.w.org\/{rel}","templated":true}]}}