{"id":2166,"date":"2022-05-16T23:27:49","date_gmt":"2022-05-16T21:27:49","guid":{"rendered":"http:\/\/drago-wp.v-labs.fr\/?p=2166"},"modified":"2022-05-17T00:14:02","modified_gmt":"2022-05-16T22:14:02","slug":"le-congres-francophone-dallergologie-de-drago","status":"publish","type":"post","link":"http:\/\/drago-wp.v-labs.fr\/index.php\/le-congres-francophone-dallergologie-de-drago\/","title":{"rendered":"Le Congr\u00e8s Francophone d\u2019Allergologie 2022 de DRAGO"},"content":{"rendered":"<p><span data-contrast=\"auto\">Du 19 au 22 avril a eu lieu le<strong> 17e Congr\u00e8s Francophone d\u2019Allergologie<\/strong> au palais des Congr\u00e8s de Paris. Apr\u00e8s deux ann\u00e9es sans congr\u00e8s en pr\u00e9sentiel, l\u2019attente \u00e9tait grande et l\u2019envie de se retrouver intense !<\/span><span data-ccp-props=\"{&quot;201341983&quot;:0,&quot;335551550&quot;:6,&quot;335551620&quot;:6,&quot;335559739&quot;:160,&quot;335559740&quot;:259}\">\u00a0<\/span><\/p>\n<p><span data-contrast=\"auto\">Les allergologues \u00e9taient au rendez-vous et cette nouvelle \u00e9dition fut un succ\u00e8s avec des sessions de grande qualit\u00e9. DRAGO n\u2019aurait pas rat\u00e9 cela pour rien au monde et on parla d\u2019<strong>appli<\/strong> et de <strong>d\u00e9sensibilisation<\/strong> \u00e0 de nombreuses reprises :<\/span><span data-ccp-props=\"{&quot;201341983&quot;:0,&quot;335551550&quot;:6,&quot;335551620&quot;:6,&quot;335559739&quot;:160,&quot;335559740&quot;:259}\">\u00a0<\/span><\/p>\n<p><span data-contrast=\"auto\">D\u00e8s le mercredi matin, <strong>Julien Cottet<\/strong> attaqua avec une pr\u00e9sentation sur <strong>l\u2019enqu\u00eate patient<\/strong> et sur le bilan de la premi\u00e8re ann\u00e9e de DRAGO.<\/span><span data-ccp-props=\"{&quot;201341983&quot;:0,&quot;335551550&quot;:6,&quot;335551620&quot;:6,&quot;335559739&quot;:160,&quot;335559740&quot;:259}\">\u00a0<\/span><\/p>\n<p><span data-ccp-props=\"{&quot;201341983&quot;:0,&quot;335559739&quot;:160,&quot;335559740&quot;:259}\"> <img loading=\"lazy\" class=\"alignnone size-medium wp-image-2170\" src=\"http:\/\/drago-wp.v-labs.fr\/wp-content\/uploads\/2022\/05\/278884253_723478212409424_1826496322615336947_n-300x225.jpg\" alt=\"\" width=\"300\" height=\"225\" srcset=\"http:\/\/drago-wp.v-labs.fr\/wp-content\/uploads\/2022\/05\/278884253_723478212409424_1826496322615336947_n-300x225.jpg 300w, http:\/\/drago-wp.v-labs.fr\/wp-content\/uploads\/2022\/05\/278884253_723478212409424_1826496322615336947_n-1024x768.jpg 1024w, http:\/\/drago-wp.v-labs.fr\/wp-content\/uploads\/2022\/05\/278884253_723478212409424_1826496322615336947_n-768x576.jpg 768w, http:\/\/drago-wp.v-labs.fr\/wp-content\/uploads\/2022\/05\/278884253_723478212409424_1826496322615336947_n-1536x1152.jpg 1536w, http:\/\/drago-wp.v-labs.fr\/wp-content\/uploads\/2022\/05\/278884253_723478212409424_1826496322615336947_n.jpg 2048w\" sizes=\"(max-width: 300px) 100vw, 300px\" \/><\/span><\/p>\n<p><span data-contrast=\"auto\">L\u2019apr\u00e8s-midi c\u2019est <strong>Edouard S\u00e8ve<\/strong> qui participa \u00e0 la session du Syfal avec un expos\u00e9 sur le th\u00e8me de la <strong>e-sant\u00e9<\/strong>. <\/span><span data-ccp-props=\"{&quot;201341983&quot;:0,&quot;335551550&quot;:6,&quot;335551620&quot;:6,&quot;335559739&quot;:160,&quot;335559740&quot;:259}\">\u00a0<\/span><\/p>\n<p><span data-ccp-props=\"{&quot;201341983&quot;:0,&quot;335559739&quot;:160,&quot;335559740&quot;:259}\"> <img loading=\"lazy\" class=\"alignnone size-medium wp-image-2172\" src=\"http:\/\/drago-wp.v-labs.fr\/wp-content\/uploads\/2022\/05\/1650659795361-300x225.jpg\" alt=\"\" width=\"300\" height=\"225\" srcset=\"http:\/\/drago-wp.v-labs.fr\/wp-content\/uploads\/2022\/05\/1650659795361-300x225.jpg 300w, http:\/\/drago-wp.v-labs.fr\/wp-content\/uploads\/2022\/05\/1650659795361-1024x768.jpg 1024w, http:\/\/drago-wp.v-labs.fr\/wp-content\/uploads\/2022\/05\/1650659795361-768x576.jpg 768w, http:\/\/drago-wp.v-labs.fr\/wp-content\/uploads\/2022\/05\/1650659795361-1536x1152.jpg 1536w, http:\/\/drago-wp.v-labs.fr\/wp-content\/uploads\/2022\/05\/1650659795361.jpg 1600w\" sizes=\"(max-width: 300px) 100vw, 300px\" \/><\/span><\/p>\n<p><span data-contrast=\"auto\">\u00a0Le lendemain, les deux m\u00eames cocr\u00e9ateurs ont tous deux \u00e9t\u00e9 orateurs pour deux <strong>symposiums<\/strong>, avec encore du DRAGO inside (et du Star Wars!)<\/span><span data-ccp-props=\"{&quot;201341983&quot;:0,&quot;335551550&quot;:6,&quot;335551620&quot;:6,&quot;335559739&quot;:160,&quot;335559740&quot;:259}\">\u00a0<\/span><\/p>\n<p>&nbsp;<\/p>\n<p><span data-contrast=\"auto\">En parall\u00e8le, <strong>Eric Fromentin<\/strong> r\u00e9pondait aux<strong> journalistes<\/strong>, vous pouvez retrouver notamment une interview sur <strong>pneumoscoop.net<\/strong><\/span><strong>\u00a0<\/strong><\/p>\n<p><span data-contrast=\"auto\">\u00a0<\/span><span data-ccp-props=\"{&quot;201341983&quot;:0,&quot;335559739&quot;:160,&quot;335559740&quot;:259}\"> <img loading=\"lazy\" class=\"alignnone size-medium wp-image-2169\" src=\"http:\/\/drago-wp.v-labs.fr\/wp-content\/uploads\/2022\/05\/itw-Eric-300x192.jpg\" alt=\"\" width=\"300\" height=\"192\" srcset=\"http:\/\/drago-wp.v-labs.fr\/wp-content\/uploads\/2022\/05\/itw-Eric-300x192.jpg 300w, http:\/\/drago-wp.v-labs.fr\/wp-content\/uploads\/2022\/05\/itw-Eric.jpg 330w\" sizes=\"(max-width: 300px) 100vw, 300px\" \/><\/span><\/p>\n<p>&nbsp;<\/p>\n<p><span data-contrast=\"auto\"><strong>Hoai-Bich Trinh<\/strong>, notre co-cr\u00e9atrice infatiguable\u00a0VRP a anim\u00e9 <strong>le stand du Syfal<\/strong>, notre partenaire, qui nous a permis d\u2019avoir \u00e0 nouveau un espace pour pr\u00e9senter l\u2019appli aux allergologues qui n\u2019en auraient pas encore entendu parler.<\/span><span data-ccp-props=\"{&quot;201341983&quot;:0,&quot;335551550&quot;:6,&quot;335551620&quot;:6,&quot;335559739&quot;:160,&quot;335559740&quot;:259}\">\u00a0<\/span><\/p>\n<p>&nbsp;<\/p>\n<p><img loading=\"lazy\" class=\"alignnone size-medium wp-image-2168\" src=\"http:\/\/drago-wp.v-labs.fr\/wp-content\/uploads\/2022\/05\/thumbnail_IMG-20220420-WA0009-e1652737008999-300x300.jpg\" alt=\"\" width=\"300\" height=\"300\" srcset=\"http:\/\/drago-wp.v-labs.fr\/wp-content\/uploads\/2022\/05\/thumbnail_IMG-20220420-WA0009-e1652737008999-300x300.jpg 300w, http:\/\/drago-wp.v-labs.fr\/wp-content\/uploads\/2022\/05\/thumbnail_IMG-20220420-WA0009-e1652737008999-150x150.jpg 150w, http:\/\/drago-wp.v-labs.fr\/wp-content\/uploads\/2022\/05\/thumbnail_IMG-20220420-WA0009-e1652737008999.jpg 720w\" sizes=\"(max-width: 300px) 100vw, 300px\" \/><\/p>\n<p><span data-contrast=\"auto\">Et pendant ce temps <strong>Mickael Pouliquen<\/strong> buchait en coulisse avec les d\u00e9veloppeurs pour vous<strong> pr\u00e9parer des surprises<\/strong>&#8230; mais \u00e7a sera l\u2019objet d\u2019une autre news !!<\/span><span data-ccp-props=\"{&quot;201341983&quot;:0,&quot;335551550&quot;:6,&quot;335551620&quot;:6,&quot;335559739&quot;:160,&quot;335559740&quot;:259}\">\u00a0<\/span><\/p>\n<p><em>Bref, un congr\u00e8s intense, fatiguant, mais riche en rencontres, en \u00e9motions, en \u00e9changes et en sant\u00e9 connect\u00e9e, on a h\u00e2te de remettre cela l\u2019ann\u00e9e prochaine !\u00a0<\/em><\/p>\n","protected":false},"excerpt":{"rendered":"<p>Du 19 au 22 avril a eu lieu le 17e Congr\u00e8s Francophone d\u2019Allergologie au palais des Congr\u00e8s de Paris. Apr\u00e8s deux ann\u00e9es sans congr\u00e8s en pr\u00e9sentiel, l\u2019attente \u00e9tait grande et l\u2019envie de se retrouver intense !\u00a0<\/p>\n","protected":false},"author":2,"featured_media":2174,"comment_status":"open","ping_status":"closed","sticky":false,"template":"","format":"standard","meta":[],"categories":[1],"tags":[],"acf":[],"_links":{"self":[{"href":"http:\/\/drago-wp.v-labs.fr\/index.php\/wp-json\/wp\/v2\/posts\/2166"}],"collection":[{"href":"http:\/\/drago-wp.v-labs.fr\/index.php\/wp-json\/wp\/v2\/posts"}],"about":[{"href":"http:\/\/drago-wp.v-labs.fr\/index.php\/wp-json\/wp\/v2\/types\/post"}],"author":[{"embeddable":true,"href":"http:\/\/drago-wp.v-labs.fr\/index.php\/wp-json\/wp\/v2\/users\/2"}],"replies":[{"embeddable":true,"href":"http:\/\/drago-wp.v-labs.fr\/index.php\/wp-json\/wp\/v2\/comments?post=2166"}],"version-history":[{"count":5,"href":"http:\/\/drago-wp.v-labs.fr\/index.php\/wp-json\/wp\/v2\/posts\/2166\/revisions"}],"predecessor-version":[{"id":2177,"href":"http:\/\/drago-wp.v-labs.fr\/index.php\/wp-json\/wp\/v2\/posts\/2166\/revisions\/2177"}],"wp:featuredmedia":[{"embeddable":true,"href":"http:\/\/drago-wp.v-labs.fr\/index.php\/wp-json\/wp\/v2\/media\/2174"}],"wp:attachment":[{"href":"http:\/\/drago-wp.v-labs.fr\/index.php\/wp-json\/wp\/v2\/media?parent=2166"}],"wp:term":[{"taxonomy":"category","embeddable":true,"href":"http:\/\/drago-wp.v-labs.fr\/index.php\/wp-json\/wp\/v2\/categories?post=2166"},{"taxonomy":"post_tag","embeddable":true,"href":"http:\/\/drago-wp.v-labs.fr\/index.php\/wp-json\/wp\/v2\/tags?post=2166"}],"curies":[{"name":"wp","href":"https:\/\/api.w.org\/{rel}","templated":true}]}}